{"id":2082,"date":"2025-05-29T16:35:31","date_gmt":"2025-05-29T16:35:31","guid":{"rendered":"https:\/\/www.ibarrapg.com\/?p=2082"},"modified":"2026-04-11T23:57:38","modified_gmt":"2026-04-11T23:57:38","slug":"reduction-of-working-hours-in-mexico","status":"publish","type":"post","link":"https:\/\/www.ibarrapg.com\/es\/reduction-of-working-hours-in-mexico\/","title":{"rendered":"Reducci\u00f3n de la Jornada Laboral en M\u00e9xico"},"content":{"rendered":"<p style=\"text-align: justify;\">Desde su toma de posesi\u00f3n el pasado 1\u00b0 de octubre\nde 2024, la presidenta Claudia Sheinbaum declar\u00f3\nque promover la reforma para reducir la jornada\nlaboral ser\u00eda prioritario para su gobierno.<\/p>\n<p style=\"text-align: justify;\" class=\"translation-block\">Desde entonces, diversos grupos parlamentarios en el\nCongreso de la Uni\u00f3n han presentado diferentes\niniciativas, en las que coinciden en el fondo, es decir\naprobar una reducci\u00f3n de la jornada laboral semanal\nm\u00e1xima de <strong>48 (cuarenta y ocho) a 40 (cuarenta)\nhoras<\/strong>, teniendo diferencias en cuanto a la\nimplementaci\u00f3n de esta reducci\u00f3n de las horas\nlaborales.<\/p>\n<h4 style=\"text-align: justify;\">\u00bfC\u00f3mo est\u00e1 Regulada Actualmente la\nJornada Laboral?<\/h4>\n<p style=\"text-align: justify;\">Conforme a la legislaci\u00f3n vigente, se permite trabajar\npor seis d\u00edas a la semana, garantizando m\u00ednimo un d\u00eda\nde descanso semanal, pero se permite ajustar la\njornada diaria para permitir dos d\u00edas de descanso o\nalguna modalidad similar.<\/p>\n<p style=\"text-align: justify;\">En la pr\u00e1ctica esto se ha traducido en que se puede\nexceder la jornada diaria de 8 (ocho) horas, siempre y\ncuando no se superen estos topes:<\/p>\n<table>\n<tbody>\n<tr>\n<td style=\"text-align: center;\" width=\"160\"><strong>Tipo de\nJornada<\/strong><\/td>\n<td style=\"text-align: center;\" width=\"265\"><strong>Espacio del d\u00eda\nque Comprende<\/strong><\/td>\n<td width=\"164\">\n<p style=\"text-align: center;\"><strong>M\u00e1ximo\nSemanal<\/strong><\/p>\n<\/td>\n<\/tr>\n<tr>\n<td width=\"160\">\n<p style=\"text-align: center;\">Diurna<\/p>\n<\/td>\n<td width=\"265\">Entre 6:00 am y\n20:00 pm.<\/td>\n<td width=\"164\">\n<p style=\"text-align: center;\">48 horas\nsemanales.<\/p>\n<\/td>\n<\/tr>\n<tr>\n<td width=\"160\">\n<p style=\"text-align: center;\">Nocturna<\/p>\n<\/td>\n<td width=\"265\">Entre 20:00 pm y\n6:00 am del d\u00eda\nsiguiente.<\/td>\n<td width=\"164\">\n<p style=\"text-align: center;\">42 horas\nsemanales.<\/p>\n<\/td>\n<\/tr>\n<tr>\n<td width=\"160\">\n<p style=\"text-align: center;\">Mixta<\/p>\n<\/td>\n<td width=\"265\">Hasta 3.5 horas de\njornada nocturna y\n4 de jornada\ndiurna.<\/td>\n<td width=\"164\">\n<p style=\"text-align: center;\">45 horas\nsemanales.<\/p>\n<\/td>\n<\/tr>\n<\/tbody>\n<\/table>\n<h4 style=\"text-align: justify;\">\u00bfQu\u00e9 es lo que se Propone Reformar?<\/h4>\n<p style=\"text-align: justify;\" class=\"translation-block\">Se propone reformar la fracci\u00f3n IV del apartado A, y la\nfracci\u00f3n II del apartado B del art\u00edculo 123 de la\nConstituci\u00f3n para establecer que por cada  <strong>CINCO d\u00edas<\/strong>\nlaborados la persona trabajadora tendr\u00e1 derecho a\n<strong>DOS d\u00edas<\/strong> de descanso.<\/p>\n<p style=\"text-align: justify;\">Esto implicar\u00e1 una reducci\u00f3n de la jornada semanal a\nestos m\u00e1ximos:<\/p>\n<table>\n<tbody>\n<tr>\n<td width=\"196\">\n<p style=\"text-align: center;\"><strong>Tipo de\nJornada<\/strong><\/p>\n<\/td>\n<td width=\"196\">\n<p style=\"text-align: center;\"><strong>M\u00e1ximo Semanal<\/strong><\/p>\n<\/td>\n<\/tr>\n<tr>\n<td width=\"196\">\n<p style=\"text-align: center;\">Diurna<\/p>\n<\/td>\n<td width=\"196\">\n<p style=\"text-align: center;\">40 horas semanales.<\/p>\n<\/td>\n<\/tr>\n<tr>\n<td width=\"196\">\n<p style=\"text-align: center;\">Nocturna<\/p>\n<\/td>\n<td width=\"196\">\n<p style=\"text-align: center;\">35 horas semanales.<\/p>\n<\/td>\n<\/tr>\n<tr>\n<td width=\"196\">\n<p style=\"text-align: center;\">Mixta<\/p>\n<\/td>\n<td width=\"196\">\n<p style=\"text-align: center;\">37.5 horas semanales.<\/p>\n<\/td>\n<\/tr>\n<\/tbody>\n<\/table>\n<h4 style=\"text-align: justify;\">\u00bfCu\u00e1ndo va a Pasar?<\/h4>\n<p style=\"text-align: justify;\">En el marco de la conmemoraci\u00f3n del D\u00eda del Trabajo,\nel pasado 1\u00b0 de mayo, el Gobierno Federal inform\u00f3\nque a partir del 1\u00b0 de junio de este a\u00f1o se iniciar\u00e1n las\nmesas de trabajo con todos los sectores involucrados,\npara definir c\u00f3mo se va a implementar la reducci\u00f3n de\nla jornada, buscando que sea un esquema paulatino\nque permita que para el 2030 se logre el objetivo de\nreducir la jornada m\u00e1xima semanal a las 40 horas.<\/p>\n<p style=\"text-align: justify;\">En este sentido, es altamente probable que esta\nreforma se apruebe durante el siguiente periodo\nordinario de sesiones del Congreso de la Uni\u00f3n que\ninicia el 1\u00b0 de septiembre de 2025, quedando todav\u00eda\nla duda de c\u00f3mo ser\u00e1 su implementaci\u00f3n y cu\u00e1nto\ntiempo tendr\u00e1n las empresas para ajustar sus horarios\nde trabajo a esta nueva realidad.<\/p>\n<h4 style=\"text-align: justify;\">\u00bfC\u00f3mo estar Preparados?<\/h4>\n<p style=\"text-align: justify;\">Es importante revisar la estructura de horarios dentro\nde las empresas para ir preparando un plan de ajuste\nen las jornadas del personal tendiente a mitigar el\nimpacto que pudiera tener en la productividad esta\nreforma.<\/p>\n<p style=\"text-align: justify;\">De nuestro lado, estaremos muy pendientes de las\ndiscusiones en las mesas de trabajo que se instalen,\npara informarles c\u00f3mo se va desarrollando este tema\npara que est\u00e9n preparados para este cambio.<\/p>","protected":false},"excerpt":{"rendered":"<p>From the moment she took office on October 1st, 2024, President Claudia Sheinbaum, stated that a priority for her government would be to promote the amendment to reduce the working hours. Since then, different parliamentary groups of the Congress of the Union have presented different initiatives, in which they basically coincide to approve a reduction [&hellip;]<\/p>\n","protected":false},"author":3,"featured_media":2127,"comment_status":"open","ping_status":"open","sticky":false,"template":"","format":"standard","meta":{"_acf_changed":false,"footnotes":""},"categories":[1],"tags":[],"class_list":["post-2082","post","type-post","status-publish","format-standard","has-post-thumbnail","hentry","category-otros"],"acf":[],"_links":{"self":[{"href":"https:\/\/www.ibarrapg.com\/es\/wp-json\/wp\/v2\/posts\/2082","targetHints":{"allow":["GET"]}}],"collection":[{"href":"https:\/\/www.ibarrapg.com\/es\/wp-json\/wp\/v2\/posts"}],"about":[{"href":"https:\/\/www.ibarrapg.com\/es\/wp-json\/wp\/v2\/types\/post"}],"author":[{"embeddable":true,"href":"https:\/\/www.ibarrapg.com\/es\/wp-json\/wp\/v2\/users\/3"}],"replies":[{"embeddable":true,"href":"https:\/\/www.ibarrapg.com\/es\/wp-json\/wp\/v2\/comments?post=2082"}],"version-history":[{"count":7,"href":"https:\/\/www.ibarrapg.com\/es\/wp-json\/wp\/v2\/posts\/2082\/revisions"}],"predecessor-version":[{"id":3671,"href":"https:\/\/www.ibarrapg.com\/es\/wp-json\/wp\/v2\/posts\/2082\/revisions\/3671"}],"wp:featuredmedia":[{"embeddable":true,"href":"https:\/\/www.ibarrapg.com\/es\/wp-json\/wp\/v2\/media\/2127"}],"wp:attachment":[{"href":"https:\/\/www.ibarrapg.com\/es\/wp-json\/wp\/v2\/media?parent=2082"}],"wp:term":[{"taxonomy":"category","embeddable":true,"href":"https:\/\/www.ibarrapg.com\/es\/wp-json\/wp\/v2\/categories?post=2082"},{"taxonomy":"post_tag","embeddable":true,"href":"https:\/\/www.ibarrapg.com\/es\/wp-json\/wp\/v2\/tags?post=2082"}],"curies":[{"name":"wp","href":"https:\/\/api.w.org\/{rel}","templated":true}]}}