{"id":2048,"date":"2025-03-14T16:09:48","date_gmt":"2025-03-14T16:09:48","guid":{"rendered":"https:\/\/www.ibarrapg.com\/?p=2048"},"modified":"2026-03-03T17:46:08","modified_gmt":"2026-03-03T17:46:08","slug":"amendment-social-housing-unconstitutionality-of-article-29-of-the-infonavit-law","status":"publish","type":"post","link":"https:\/\/www.ibarrapg.com\/es\/amendment-social-housing-unconstitutionality-of-article-29-of-the-infonavit-law\/","title":{"rendered":"Reforma en Materia de \u201cVivienda Social\u201d: Inconstitucionalidad del Art\u00edculo 29 de la Ley del INFONAVIT"},"content":{"rendered":"<p style=\"text-align: justify;\" class=\"translation-block\">El 21 de febrero de 2025, se public\u00f3 en el Diario\nOficial de la Federaci\u00f3n (\u201c<span style=\"text-decoration: underline\">DOF<\/span>\u201d) el Decreto por el que\nse reforman, adicionan y derogan diversas\ndisposiciones de la Ley del Instituto del Fondo\nNacional de la Vivienda para los Trabajadores\n(\u201c<span style=\"text-decoration: underline\">INFONAVIT<\/span>\u201d o el \u201c<span style=\"text-decoration: underline\">Instituto<\/span>\u201d), la cual entr\u00f3 en vigor\nel 22 de febrero de 2025.<\/p>\n<p style=\"text-align: justify;\" class=\"translation-block\">Entre las modificaciones, destaca la reforma al\n<strong>art\u00edculo 29<\/strong>, pen\u00faltimo p\u00e1rrafo, de la Ley del\nINFONAVIT.<\/p>\n<p style=\"text-align: justify;\" class=\"translation-block\">Antes de esta reforma, dicho art\u00edculo establec\u00eda que la\nobligaci\u00f3n de los patrones de efectuar las\naportaciones del cinco por ciento sobre el salario de\nlos trabajadores y los descuentos a los salarios de los\ntrabajadores que se destinen al pago de pr\u00e9stamos\notorgados por el Instituto, se suspend\u00eda <strong>en caso de\nque no se cubrieran salarios por ausencias<\/strong> de\nconformidad con la Ley del Seguro Social, siempre que\nse notificara oportunamente al INFONAVIT y, que,\ntrat\u00e1ndose de <strong>incapacidades<\/strong> expedidas por el\nInstituto Mexicano del Seguro Social (\u201c<span style=\"text-decoration: underline\">IMSS<\/span>\u201d), la\nobligaci\u00f3n de efectuar <strong>aportaciones<\/strong> al Instituto\nsubsistir\u00eda.<\/p>\n<p style=\"text-align: justify;\" class=\"translation-block\">Con la reforma, la suspensi\u00f3n de la obligaci\u00f3n de\nefectuar las aportaciones patronales se mantiene\ncuando no se paguen salarios por ausencia siempre\nque se haga la notificaci\u00f3n correspondiente de\nmanera oportuna al INFONAVIT. Sin embargo, la\nobligaci\u00f3n de realizar <strong>descuentos<\/strong> en los salarios de\nlos trabajadores para el pago de los abonos a\npr\u00e9stamos otorgados por el Instituto <strong>ya no se\nsuspender\u00e1<\/strong> en caso de ausencias ni incapacidades\nexpedidas por el IMSS.<\/p>\n<p style=\"text-align: justify;\" class=\"translation-block\">Esto implica que los patrones deber\u00e1n efectuar los\npagos a cargo de los empleados derivados de\npr\u00e9stamos otorgados por el INFONAVIT <strong>cuando \u00e9stos\nno reciban un salario<\/strong> con motivo de ausencias o de\nincapacidades determinadas por el IMSS.<\/p>\n<p style=\"text-align: justify;\">Es importante destacar que la obligaci\u00f3n de enterar\nlos descuentos al Instituto tiene car\u00e1cter fiscal, lo\nque implica posibles repercusiones legales en caso de\nincumplimiento.<\/p>\n<p style=\"text-align: justify;\" class=\"translation-block\">No obstante la reforma del art\u00edculo 29, pen\u00faltimo\np\u00e1rrafo, de la Ley del INFONAVIT, el 13 de marzo de\n2025, el Instituto public\u00f3 el <strong>criterio normativo<\/strong>  de\nrecaudaci\u00f3n fiscal <strong> 01\/2025<\/strong> , relacionado con dicho\nart\u00edculo. Dicho criterio se\u00f1ala que los patrones\ndeber\u00e1n modificar el c\u00e1lculo del monto a descontar a\nsus trabajadores en sus salarios destinados al pago de\nabonos para cubrir pr\u00e9stamos otorgados por el\nINFONAVIT, de forma proporcional a los d\u00edas por los\nque no hayan pagado salarios debido a ausencias o\nincapacidades. En este sentido, se\u00f1ala que el patr\u00f3n,\nen ning\u00fan caso, debe realizar un descuento mayor al\nsalario pagado al trabajador y no tendr\u00e1 la obligaci\u00f3n\nde cubrir la cantidad que, en su caso, no pudo ser\ndescontada.<\/p>\n<p style=\"text-align: justify;\">Dentro del mismo criterio normativo, el Instituto\nse\u00f1al\u00f3 que se encuentra en proceso de determinar el\notorgamiento de un plazo que permita a los patrones\nsu debida implementaci\u00f3n (entendemos del art\u00edculo\nen comento).<\/p>\n<p style=\"text-align: justify;\" class=\"translation-block\">Resulta relevante destacar que los criterios emitidos\npor el INFONAVIT son documentos <strong>orientadores y no\nvinculantes<\/strong>; por lo cual no cambia el sentido de la\nreforma al art\u00edculo 29, pen\u00faltimo p\u00e1rrafo en comento.<\/p>\n<p style=\"text-align: justify;\" class=\"translation-block\">Esta reforma, resulta <strong>contraria a diversos principios\nconstitucionales<\/strong>, por lo que existen elementos\nsuficientes para controvertir la misma mediante un\njuicio de <strong>amparo indirecto<\/strong> dentro de los 30 d\u00edas a\npartir de su entrada en vigor, siendo la fecha oportuna\nantes del 4 de abril de 2025, o bien, dentro de los 15\nd\u00edas siguientes al acto a trav\u00e9s del cual se aplique el\nreformado art\u00edculo 29, pen\u00faltimo p\u00e1rrafo en perjuicio\nde los patrones.<\/p>\n<p style=\"text-align: justify;\" class=\"translation-block\">Nuestro <strong>Grupo de Pr\u00e1ctica Fiscal y Seguridad Social<\/strong>,\ncuenta con amplia experiencia en la atenci\u00f3n de\njuicios constitucionales en materia fiscal y de\nseguridad social, por lo que quedamos a su\ndisposici\u00f3n para cualquier pregunta o comentario en\nrelaci\u00f3n con esta reforma.<\/p>","protected":false},"excerpt":{"rendered":"<p>On February 21st, 2025, the Decree amending, adding, and repealing various provisions of the Law of the National Workers\u2019 Housing Fund Institute (\u201cINFONAVIT\u201d or the \u201cInstitute\u201d) was published in the Official Gazette of the Federation (\u201cDOF\u201d), becoming effective on February 22nd, 2025. Among the changes, the amendment to article 29, penultimate paragraph of the INFONAVIT [&hellip;]<\/p>\n","protected":false},"author":3,"featured_media":2050,"comment_status":"open","ping_status":"open","sticky":false,"template":"","format":"standard","meta":{"_acf_changed":false,"footnotes":""},"categories":[1],"tags":[],"class_list":["post-2048","post","type-post","status-publish","format-standard","has-post-thumbnail","hentry","category-otros"],"acf":[],"_links":{"self":[{"href":"https:\/\/www.ibarrapg.com\/es\/wp-json\/wp\/v2\/posts\/2048","targetHints":{"allow":["GET"]}}],"collection":[{"href":"https:\/\/www.ibarrapg.com\/es\/wp-json\/wp\/v2\/posts"}],"about":[{"href":"https:\/\/www.ibarrapg.com\/es\/wp-json\/wp\/v2\/types\/post"}],"author":[{"embeddable":true,"href":"https:\/\/www.ibarrapg.com\/es\/wp-json\/wp\/v2\/users\/3"}],"replies":[{"embeddable":true,"href":"https:\/\/www.ibarrapg.com\/es\/wp-json\/wp\/v2\/comments?post=2048"}],"version-history":[{"count":5,"href":"https:\/\/www.ibarrapg.com\/es\/wp-json\/wp\/v2\/posts\/2048\/revisions"}],"predecessor-version":[{"id":3045,"href":"https:\/\/www.ibarrapg.com\/es\/wp-json\/wp\/v2\/posts\/2048\/revisions\/3045"}],"wp:featuredmedia":[{"embeddable":true,"href":"https:\/\/www.ibarrapg.com\/es\/wp-json\/wp\/v2\/media\/2050"}],"wp:attachment":[{"href":"https:\/\/www.ibarrapg.com\/es\/wp-json\/wp\/v2\/media?parent=2048"}],"wp:term":[{"taxonomy":"category","embeddable":true,"href":"https:\/\/www.ibarrapg.com\/es\/wp-json\/wp\/v2\/categories?post=2048"},{"taxonomy":"post_tag","embeddable":true,"href":"https:\/\/www.ibarrapg.com\/es\/wp-json\/wp\/v2\/tags?post=2048"}],"curies":[{"name":"wp","href":"https:\/\/api.w.org\/{rel}","templated":true}]}}